{"id":1764,"date":"2026-03-02T18:09:59","date_gmt":"2026-03-02T21:09:59","guid":{"rendered":"https:\/\/crp09.org.br\/site\/?p=1764"},"modified":"2026-03-03T01:40:13","modified_gmt":"2026-03-03T04:40:13","slug":"crp09-divulga-resultado-da-primeira-etapa-do-processo-seletivo-de-estagio","status":"publish","type":"post","link":"https:\/\/crp09.org.br\/site\/crp09-divulga-resultado-da-primeira-etapa-do-processo-seletivo-de-estagio\/","title":{"rendered":"CRP09 divulga resultado da primeira etapa do Processo Seletivo de Est\u00e1gio"},"content":{"rendered":"\t\t<div data-elementor-type=\"wp-post\" data-elementor-id=\"1764\" class=\"elementor elementor-1764\" data-elementor-post-type=\"post\">\n\t\t\t\t<div class=\"elementor-element elementor-element-ed939da e-flex e-con-boxed e-con e-parent\" data-id=\"ed939da\" data-element_type=\"container\" data-e-type=\"container\">\n\t\t\t\t\t<div class=\"e-con-inner\">\n\t\t\t\t<div class=\"elementor-element elementor-element-e95975b elementor-widget elementor-widget-image\" data-id=\"e95975b\" data-element_type=\"widget\" data-e-type=\"widget\" data-widget_type=\"image.default\">\n\t\t\t\t\t\t\t\t\t\t\t\t\t\t\t<img fetchpriority=\"high\" decoding=\"async\" width=\"613\" height=\"525\" src=\"https:\/\/crp09.org.br\/site\/wp-content\/uploads\/2026\/03\/estagio.png\" class=\"attachment-large size-large wp-image-1765\" alt=\"\" srcset=\"https:\/\/crp09.org.br\/site\/wp-content\/uploads\/2026\/03\/estagio.png 613w, https:\/\/crp09.org.br\/site\/wp-content\/uploads\/2026\/03\/estagio-300x257.png 300w\" sizes=\"(max-width: 613px) 100vw, 613px\" \/>\t\t\t\t\t\t\t\t\t\t\t\t\t\t\t<\/div>\n\t\t\t\t<div class=\"elementor-element elementor-element-c0ded30 elementor-widget elementor-widget-text-editor\" data-id=\"c0ded30\" data-element_type=\"widget\" data-e-type=\"widget\" data-widget_type=\"text-editor.default\">\n\t\t\t\t\t\t\t\t\t<p><span style=\"font-size: 12pt;\">O Conselho Regional de Psicologia da 9\u00aa Regi\u00e3o divulga, nesta sexta-feira (20), o Resultado da Primeira Etapa (an\u00e1lise dos formul\u00e1rios de inscri\u00e7\u00e3o) do Processo Seletivo Simplificado para o Programa de Est\u00e1gio.<\/span><\/p>\n<p><span style=\"font-size: 12pt;\">A sele\u00e7\u00e3o destina-se ao preenchimento de vagas imediatas e \u00e0 forma\u00e7\u00e3o de cadastro de reserva para estudantes dos cursos de Psicologia, Direito e Ci\u00eancias Cont\u00e1beis.<\/span><\/p>\n<p><span style=\"font-size: 12pt;\">Ap\u00f3s a an\u00e1lise documental realizada pelo Comit\u00ea de Avalia\u00e7\u00e3o, seguindo rigorosamente os crit\u00e9rios estabelecidos no Edital, foram classificados(as) para a segunda etapa &#8211; Entrevista &#8211; \u00e0s(os) candidatas(os) relacionadas(os) abaixo.<\/span><\/p>\n<p><span style=\"font-size: 12pt;\">A iniciativa integra a pol\u00edtica institucional do CRP09 de fortalecimento da forma\u00e7\u00e3o acad\u00eamica e da aproxima\u00e7\u00e3o entre o Conselho e estudantes das \u00e1reas correlatas \u00e0 atua\u00e7\u00e3o da Psicologia, contribuindo para o desenvolvimento t\u00e9cnico, \u00e9tico e profissional dos futuros integrantes do mercado de trabalho.<\/span><\/p>\n<h3><span style=\"font-size: 12pt;\">CURSO: CI\u00caNCIAS CONT\u00c1BEIS<\/span><\/h3>\n<p><span style=\"font-size: 12pt;\">Candidatas(os) classificadas(os):<\/span><\/p>\n<ul>\n<li aria-level=\"1\"><span style=\"font-size: 12pt;\">Ana Karolyna de Oliveira<\/span>\n<\/li>\n<li aria-level=\"1\"><span style=\"font-size: 12pt;\">Gladston Felipe Teodoro da Silva<\/span>\n<\/li>\n<li aria-level=\"1\"><span style=\"font-size: 12pt;\">J\u00falia Pereira de Jesus<\/span>\n<\/li>\n<li aria-level=\"1\"><span style=\"font-size: 12pt;\">Gleicy Aparecida de Souza Moreira<\/span>\n<\/li>\n<\/ul>\n<h3><span style=\"font-size: 12pt;\">CURSO: DIREITO<\/span><\/h3>\n<p><span style=\"font-size: 12pt;\">Candidatas(os) classificadas(os):<\/span><\/p>\n<ul>\n<li aria-level=\"1\"><span style=\"font-size: 12pt;\">Maria Eduarda de Sousa Arruda<\/span>\n<\/li>\n<li aria-level=\"1\"><span style=\"font-size: 12pt;\">J\u00e9ssica Guimar\u00e3es<\/span>\n<\/li>\n<li aria-level=\"1\"><span style=\"font-size: 12pt;\">Wanderson Gon\u00e7alves Fernandes<\/span>\n<\/li>\n<li aria-level=\"1\"><span style=\"font-size: 12pt;\">Anna Luiza Pereira Trevisan<\/span>\n<\/li>\n<li aria-level=\"1\"><span style=\"font-size: 12pt;\">Lorena Gomes dos Santos<\/span>\n<\/li>\n<li aria-level=\"1\"><span style=\"font-size: 12pt;\">Leonardo Trajano dos Santos<\/span>\n<\/li>\n<li aria-level=\"1\"><span style=\"font-size: 12pt;\">Samuel Rodrigues Carvalho Ara\u00fajo<\/span>\n<\/li>\n<li aria-level=\"1\"><span style=\"font-size: 12pt;\">Julia Souza Lopes<\/span>\n<\/li>\n<li aria-level=\"1\"><span style=\"font-size: 12pt;\">Samara Vieira de Oliveira<\/span>\n<\/li>\n<li aria-level=\"1\"><span style=\"font-size: 12pt;\">Ricardo Pereira de Melo<\/span>\n<\/li>\n<li aria-level=\"1\"><span style=\"font-size: 12pt;\">Manuela Soares da Silva<\/span>\n<\/li>\n<li aria-level=\"1\"><span style=\"font-size: 12pt;\">Yllana Almeida de Oliveira<\/span>\n<\/li>\n<li aria-level=\"1\"><span style=\"font-size: 12pt;\">Andreia Cruvinel dos Santos<\/span>\n<\/li>\n<li aria-level=\"1\"><span style=\"font-size: 12pt;\">Gabrielly Pereira Carvalho<\/span>\n<\/li>\n<li aria-level=\"1\"><span style=\"font-size: 12pt;\">Ana Luisa Rodrigues Almeida<\/span>\n<\/li>\n<li aria-level=\"1\"><span style=\"font-size: 12pt;\">Giliard dos Reis Silva Ribeiro<\/span>\n<\/li>\n<\/ul>\n<h3><span style=\"font-size: 12pt;\">CURSO: PSICOLOGIA<\/span><\/h3>\n<p><span style=\"font-size: 12pt;\">C<\/span><span style=\"font-size: 12pt;\">andidatas(os)<\/span><span style=\"font-size: 12pt;\"> classificadas(os):<\/span><\/p>\n<ul>\n<li aria-level=\"1\"><span style=\"font-size: 12pt;\">Pedro Henrique Estumano Lima<\/span>\n<\/li>\n<li aria-level=\"1\"><span style=\"font-size: 12pt;\">Amanda Gabriela dos Santos Lima<\/span>\n<\/li>\n<li aria-level=\"1\"><span style=\"font-size: 12pt;\">Stephanny Santana Rodrigues Rios<\/span>\n<\/li>\n<li aria-level=\"1\"><span style=\"font-size: 12pt;\">Daniele Satil Dourado<\/span>\n<\/li>\n<li aria-level=\"1\"><span style=\"font-size: 12pt;\">Jennyfer Elfilon Soares<\/span>\n<\/li>\n<li aria-level=\"1\"><span style=\"font-size: 12pt;\">Juliana Cust\u00f3dio Praes<\/span>\n<\/li>\n<li aria-level=\"1\"><span style=\"font-size: 12pt;\">Eduarda Rufo Soares<\/span>\n<\/li>\n<li aria-level=\"1\"><span style=\"font-size: 12pt;\">Isabella Ferreira Shiono<\/span>\n<\/li>\n<li aria-level=\"1\"><span style=\"font-size: 12pt;\">Yasmin Borges da Cruz<\/span>\n<\/li>\n<li aria-level=\"1\"><span style=\"font-size: 12pt;\">D\u00e9bora Souza Teles<\/span>\n<\/li>\n<li aria-level=\"1\"><span style=\"font-size: 12pt;\">Gabriela Fernanda Rosa de Oliveira<\/span>\n<\/li>\n<li aria-level=\"1\"><span style=\"font-size: 12pt;\">Geovana Pereira dos Santos Vasco<\/span>\n<\/li>\n<li aria-level=\"1\"><span style=\"font-size: 12pt;\">Let\u00edcia Domingos de Mello<\/span>\n<\/li>\n<li aria-level=\"1\"><span style=\"font-size: 12pt;\">Amanda Alves Galv\u00e3o Borges<\/span>\n<\/li>\n<li aria-level=\"1\"><span style=\"font-size: 12pt;\">Sarah de Paula Nogueira<\/span>\n<\/li>\n<li aria-level=\"1\"><span style=\"font-size: 12pt;\">Eula Vit\u00f3ria Santos Ferreira<\/span>\n<\/li>\n<li aria-level=\"1\"><span style=\"font-size: 12pt;\">Marcelo Alves do Nascimento<\/span>\n<\/li>\n<li aria-level=\"1\"><span style=\"font-size: 12pt;\">Leonardo Rafael Alves de Souza<\/span>\n<\/li>\n<\/ul>\n<h2><span style=\"font-size: 12pt;\">Pr\u00f3ximas etapas<\/span><\/h2>\n<p><span style=\"font-size: 12pt;\">A convoca\u00e7\u00e3o das(os) estudantes classificadas(os) e o respectivo agendamento das entrevistas ocorrer\u00e3o no per\u00edodo de 23 a 27 de fevereiro de 2026, por meio do e-mail informado no formul\u00e1rio de inscri\u00e7\u00e3o.<\/span><\/p>\n<p><span style=\"font-size: 12pt;\">Nesse sentido, o CRP09 orienta que \u00e0s(os) candidatas(os) acompanhem atentamente o endere\u00e7o eletr\u00f4nico cadastrado, verificando regularmente a caixa de entrada, bem como as pastas de spam e lixo eletr\u00f4nico, a fim de tomar ci\u00eancia da data, do hor\u00e1rio e do local da entrevista.<\/span><\/p>\n<p><span style=\"font-size: 12pt;\">O n\u00e3o comparecimento na data e no hor\u00e1rio agendados implicar\u00e1 na desclassifica\u00e7\u00e3o da(o) candidata(o), conforme previsto no Edital.<\/span><\/p>\n<p><span style=\"font-size: 12pt;\">O Conselho refor\u00e7a que o Processo Seletivo Simplificado segue os princ\u00edpios da legalidade, transpar\u00eancia e isonomia, garantindo crit\u00e9rios t\u00e9cnicos e objetivos na an\u00e1lise das inscri\u00e7\u00f5es e na condu\u00e7\u00e3o das etapas subsequentes.<\/span><\/p>\n<p><span style=\"font-size: 12pt;\">Para mais informa\u00e7\u00f5es, as(os) interessadas(os) devem consultar o Edital n\u00ba 04\/2026 dispon\u00edvel nos canais oficiais do CRP09.<\/span><\/p>\n<p><\/p>\n<p style=\"text-align: center;\"><span style=\"font-size: 24pt;\"><a href=\"https:\/\/crp09.org.br\/site\/wp-content\/uploads\/2026\/03\/RESULTADO_DA_PRIMEIRA_ETAPA_-_PROCESSO_SELETIVO_SIMPLIFICADO_PARA_O_PROGRAMA_DE_ESTAGIO_assinado.pdf\">COMUNICADO OFICIAL<\/a><\/span><\/p>\n<p><\/p>\n<p style=\"text-align: center;\"><span style=\"font-size: 14pt;\"><a href=\"https:\/\/transparencia.cfp.org.br\/crp09\/chamada-publica\/edital-de-chamamento-no-02-2026-processo-seletivo-simplificado-para-o-programa-de-estagio-do-crp09\/\">https:\/\/transparencia.cfp.org.br\/crp09\/chamada-publica\/edital-de-chamamento-no-02-2026-processo-seletivo-simplificado-para-o-programa-de-estagio-do-crp09\/<\/a><\/span><\/p>\t\t\t\t\t\t\t\t<\/div>\n\t\t\t\t\t<\/div>\n\t\t\t\t<\/div>\n\t\t\t\t<\/div>\n\t\t","protected":false},"excerpt":{"rendered":"<p>O Conselho Regional de Psicologia da 9\u00aa Regi\u00e3o divulga, nesta sexta-feira (20), o Resultado da Primeira Etapa (an\u00e1lise dos formul\u00e1rios de inscri\u00e7\u00e3o) do Processo Seletivo Simplificado para o Programa de Est\u00e1gio. A sele\u00e7\u00e3o destina-se ao preenchimento de vagas imediatas e \u00e0 forma\u00e7\u00e3o de cadastro de reserva para estudantes dos cursos de Psicologia, Direito e Ci\u00eancias [&hellip;]<\/p>\n","protected":false},"author":1,"featured_media":1765,"comment_status":"closed","ping_status":"open","sticky":false,"template":"","format":"standard","meta":{"footnotes":""},"categories":[6],"tags":[],"class_list":["post-1764","post","type-post","status-publish","format-standard","has-post-thumbnail","hentry","category-noticias"],"blocksy_meta":[],"_links":{"self":[{"href":"https:\/\/crp09.org.br\/site\/wp-json\/wp\/v2\/posts\/1764","targetHints":{"allow":["GET"]}}],"collection":[{"href":"https:\/\/crp09.org.br\/site\/wp-json\/wp\/v2\/posts"}],"about":[{"href":"https:\/\/crp09.org.br\/site\/wp-json\/wp\/v2\/types\/post"}],"author":[{"embeddable":true,"href":"https:\/\/crp09.org.br\/site\/wp-json\/wp\/v2\/users\/1"}],"replies":[{"embeddable":true,"href":"https:\/\/crp09.org.br\/site\/wp-json\/wp\/v2\/comments?post=1764"}],"version-history":[{"count":10,"href":"https:\/\/crp09.org.br\/site\/wp-json\/wp\/v2\/posts\/1764\/revisions"}],"predecessor-version":[{"id":2000,"href":"https:\/\/crp09.org.br\/site\/wp-json\/wp\/v2\/posts\/1764\/revisions\/2000"}],"wp:featuredmedia":[{"embeddable":true,"href":"https:\/\/crp09.org.br\/site\/wp-json\/wp\/v2\/media\/1765"}],"wp:attachment":[{"href":"https:\/\/crp09.org.br\/site\/wp-json\/wp\/v2\/media?parent=1764"}],"wp:term":[{"taxonomy":"category","embeddable":true,"href":"https:\/\/crp09.org.br\/site\/wp-json\/wp\/v2\/categories?post=1764"},{"taxonomy":"post_tag","embeddable":true,"href":"https:\/\/crp09.org.br\/site\/wp-json\/wp\/v2\/tags?post=1764"}],"curies":[{"name":"wp","href":"https:\/\/api.w.org\/{rel}","templated":true}]}}