{"id":2194,"date":"2026-03-19T13:09:31","date_gmt":"2026-03-19T16:09:31","guid":{"rendered":"https:\/\/crp09.org.br\/site\/?p=2194"},"modified":"2026-03-19T13:09:31","modified_gmt":"2026-03-19T16:09:31","slug":"conselho-regional-de-psicologia-de-goias-chega-aos-200-dias-com-a-nova-gestao-e-reforca-acoes-de-fiscalizacao-e-valorizacao-da-categoria","status":"publish","type":"post","link":"https:\/\/crp09.org.br\/site\/conselho-regional-de-psicologia-de-goias-chega-aos-200-dias-com-a-nova-gestao-e-reforca-acoes-de-fiscalizacao-e-valorizacao-da-categoria\/","title":{"rendered":"Conselho Regional de Psicologia de Goi\u00e1s chega aos 200 dias com a nova gest\u00e3o e refor\u00e7a a\u00e7\u00f5es de fiscaliza\u00e7\u00e3o e valoriza\u00e7\u00e3o da categoria"},"content":{"rendered":"\n<p><em>O per\u00edodo foi marcado por reorganiza\u00e7\u00e3o administrativa, fortalecimento da fiscaliza\u00e7\u00e3o profissional e amplia\u00e7\u00e3o do di\u00e1logo com a sociedade goiana<\/em>.<\/p>\n\n\n\n<figure class=\"wp-block-image size-large\"><img fetchpriority=\"high\" decoding=\"async\" width=\"1024\" height=\"682\" src=\"https:\/\/crp09.org.br\/site\/wp-content\/uploads\/2026\/03\/WhatsApp-Image-2026-03-19-at-12.57.43-1024x682.jpeg\" alt=\"\" class=\"wp-image-2195\" srcset=\"https:\/\/crp09.org.br\/site\/wp-content\/uploads\/2026\/03\/WhatsApp-Image-2026-03-19-at-12.57.43-1024x682.jpeg 1024w, https:\/\/crp09.org.br\/site\/wp-content\/uploads\/2026\/03\/WhatsApp-Image-2026-03-19-at-12.57.43-300x200.jpeg 300w, https:\/\/crp09.org.br\/site\/wp-content\/uploads\/2026\/03\/WhatsApp-Image-2026-03-19-at-12.57.43-768x512.jpeg 768w, https:\/\/crp09.org.br\/site\/wp-content\/uploads\/2026\/03\/WhatsApp-Image-2026-03-19-at-12.57.43.jpeg 1394w\" sizes=\"(max-width: 1024px) 100vw, 1024px\" \/><\/figure>\n\n\n\n<p>Os primeiros 200 dias da Gest\u00e3o Avan\u00e7ar \u00e0 frente do Conselho Regional de Psicologia da 9\u00aa Regi\u00e3o (CRP09) marcaram um per\u00edodo de intensa atividade institucional, organiza\u00e7\u00e3o administrativa e fortalecimento das a\u00e7\u00f5es voltadas \u00e0 categoria.<br>Sob a lideran\u00e7a da presidente J\u00e9ssica Amorim, o CRP09 manteve uma rotina permanente de reuni\u00f5es, an\u00e1lises t\u00e9cnicas e delibera\u00e7\u00f5es que impactam diretamente o exerc\u00edcio profissional da Psicologia em Goi\u00e1s.<\/p>\n\n\n\n<p>Desde o in\u00edcio da gest\u00e3o, a diretoria realizou intensas reuni\u00f5es formais para discutir pautas estrat\u00e9gicas para o bem-estar da popula\u00e7\u00e3o, fortalecimento da categoria e visibilidade dos trabalhos realizados pela gest\u00e3o. Entre os pontos debatidos nesses primeiros meses est\u00e3o a organiza\u00e7\u00e3o de processos antigos e internos. Atualmente, o Conselho conduz a tramita\u00e7\u00e3o de processos registrados entre 2017 a 2024, al\u00e9m das representa\u00e7\u00f5es recebidas a partir de 2025 e 2026, demonstrando o fluxo cont\u00ednuo de demandas encaminhadas \u00e0 institui\u00e7\u00e3o.<\/p>\n\n\n\n<p>\u201cVale destacar que, ao assumir o Conselho em outubro de 2025, a Comiss\u00e3o de Orienta\u00e7\u00e3o e \u00c9tica (COE) da atual gest\u00e3o recebeu processos administrativos e \u00e9ticos ainda referentes ao ano de 2017, o que exigiu um trabalho inicial de reorganiza\u00e7\u00e3o e retomada da tramita\u00e7\u00e3o dessas demandas. A partir desse diagn\u00f3stico, foi realizada uma revis\u00e3o do fluxo interno para garantir a continuidade da an\u00e1lise dos casos,\u201d ressalta J\u00e9ssica.<\/p>\n\n\n\n<p>O acompanhamento das comiss\u00f5es tem\u00e1ticas e o planejamento de a\u00e7\u00f5es institucionais voltadas \u00e0 valoriza\u00e7\u00e3o da Psicologia, desempenham papel fundamental dentro do Conselho, pois s\u00e3o respons\u00e1veis por aprofundar discuss\u00f5es t\u00e9cnicas sobre diferentes \u00e1reas da profiss\u00e3o e apresentar propostas que ajudam a orientar as decis\u00f5es da diretoria e do plen\u00e1rio.<\/p>\n\n\n\n<p>Outro eixo importante da atua\u00e7\u00e3o da Gest\u00e3o Avan\u00e7ar tem sido o acompanhamento das atividades de orienta\u00e7\u00e3o e fiscaliza\u00e7\u00e3o do exerc\u00edcio profissional, que n\u00e3o estavam sendo realizadas de forma \u00e1gil anteriormente. O Conselho atua diretamente na an\u00e1lise de situa\u00e7\u00f5es envolvendo a atua\u00e7\u00e3o de profissionais e institui\u00e7\u00f5es, garantindo que a pr\u00e1tica da profiss\u00e3o seja realizada dentro dos princ\u00edpios \u00e9ticos e das normas estabelecidas pelo sistema de conselhos.<\/p>\n\n\n\n<p>Essa atua\u00e7\u00e3o \u00e9 considerada essencial para assegurar a qualidade dos servi\u00e7os psicol\u00f3gicos oferecidos \u00e0 popula\u00e7\u00e3o e tamb\u00e9m para orientar profissionais sobre as responsabilidades t\u00e9cnicas e \u00e9ticas da profiss\u00e3o. O trabalho da fiscaliza\u00e7\u00e3o n\u00e3o tem apenas car\u00e1ter punitivo, mas tamb\u00e9m educativo, buscando orientar e fortalecer a atua\u00e7\u00e3o respons\u00e1vel da categoria.<\/p>\n\n\n\n<p>Paralelamente ao trabalho interno, o CRP09 tamb\u00e9m ampliou sua presen\u00e7a em espa\u00e7os de di\u00e1logo e nos debates p\u00fablicos que envolvem a Psicologia e as pol\u00edticas sociais. A participa\u00e7\u00e3o em eventos, entrevistas e discuss\u00f5es institucionais t\u00eam contribu\u00eddo para dar maior visibilidade em \u00e1reas fundamentais como sa\u00fade, educa\u00e7\u00e3o, assist\u00eancia social e direitos humanos.<\/p>\n\n\n\n<p>Para a presidente J\u00e9ssica Amorim, os primeiros meses de gest\u00e3o, representam um per\u00edodo de consolida\u00e7\u00e3o.<\/p>\n\n\n\n<p>\u201cNosso compromisso \u00e9 fortalecer cada vez mais esse di\u00e1logo, aproximando o Conselho dos psic\u00f3logos e os psic\u00f3logos da popula\u00e7\u00e3o. A Psicologia tem um papel fundamental na sociedade e queremos que o CRP09 esteja cada vez mais presente nas discuss\u00f5es que impactam a vida das pessoas\u201d, destaca a presidente J\u00e9ssica Amorim.<\/p>\n\n\n\n<p><\/p>\n","protected":false},"excerpt":{"rendered":"<p>O per\u00edodo foi marcado por reorganiza\u00e7\u00e3o administrativa, fortalecimento da fiscaliza\u00e7\u00e3o profissional e amplia\u00e7\u00e3o do di\u00e1logo com a sociedade goiana. Os primeiros 200 dias da Gest\u00e3o Avan\u00e7ar \u00e0 frente do Conselho Regional de Psicologia da 9\u00aa Regi\u00e3o (CRP09) marcaram um per\u00edodo de intensa atividade institucional, organiza\u00e7\u00e3o administrativa e fortalecimento das a\u00e7\u00f5es voltadas \u00e0 categoria.Sob a lideran\u00e7a [&hellip;]<\/p>\n","protected":false},"author":3,"featured_media":2195,"comment_status":"closed","ping_status":"open","sticky":false,"template":"","format":"standard","meta":{"footnotes":""},"categories":[6],"tags":[],"class_list":["post-2194","post","type-post","status-publish","format-standard","has-post-thumbnail","hentry","category-noticias"],"blocksy_meta":[],"_links":{"self":[{"href":"https:\/\/crp09.org.br\/site\/wp-json\/wp\/v2\/posts\/2194","targetHints":{"allow":["GET"]}}],"collection":[{"href":"https:\/\/crp09.org.br\/site\/wp-json\/wp\/v2\/posts"}],"about":[{"href":"https:\/\/crp09.org.br\/site\/wp-json\/wp\/v2\/types\/post"}],"author":[{"embeddable":true,"href":"https:\/\/crp09.org.br\/site\/wp-json\/wp\/v2\/users\/3"}],"replies":[{"embeddable":true,"href":"https:\/\/crp09.org.br\/site\/wp-json\/wp\/v2\/comments?post=2194"}],"version-history":[{"count":1,"href":"https:\/\/crp09.org.br\/site\/wp-json\/wp\/v2\/posts\/2194\/revisions"}],"predecessor-version":[{"id":2196,"href":"https:\/\/crp09.org.br\/site\/wp-json\/wp\/v2\/posts\/2194\/revisions\/2196"}],"wp:featuredmedia":[{"embeddable":true,"href":"https:\/\/crp09.org.br\/site\/wp-json\/wp\/v2\/media\/2195"}],"wp:attachment":[{"href":"https:\/\/crp09.org.br\/site\/wp-json\/wp\/v2\/media?parent=2194"}],"wp:term":[{"taxonomy":"category","embeddable":true,"href":"https:\/\/crp09.org.br\/site\/wp-json\/wp\/v2\/categories?post=2194"},{"taxonomy":"post_tag","embeddable":true,"href":"https:\/\/crp09.org.br\/site\/wp-json\/wp\/v2\/tags?post=2194"}],"curies":[{"name":"wp","href":"https:\/\/api.w.org\/{rel}","templated":true}]}}