{"id":2197,"date":"2026-03-24T20:19:25","date_gmt":"2026-03-24T23:19:25","guid":{"rendered":"https:\/\/crp09.org.br\/site\/?p=2197"},"modified":"2026-03-24T20:49:15","modified_gmt":"2026-03-24T23:49:15","slug":"conselho-regional-de-psicologia-do-estado-de-goias-avanca-com-pautas-estrategicas-no-legislativo","status":"publish","type":"post","link":"https:\/\/crp09.org.br\/site\/conselho-regional-de-psicologia-do-estado-de-goias-avanca-com-pautas-estrategicas-no-legislativo\/","title":{"rendered":"Conselho Regional de Psicologia do Estado de Goi\u00e1s avan\u00e7a com pautas estrat\u00e9gicas no Legislativo"},"content":{"rendered":"\n<p><em>Gest\u00e3o Avan\u00e7ar fortalece di\u00e1logo na Alego e avan\u00e7a com pautas estrat\u00e9gicas como piso salarial, jornada de 30 horas e inclus\u00e3o de psic\u00f3logos na rede estadual de educa\u00e7\u00e3o.<\/em><\/p>\n\n\n\n<figure class=\"wp-block-image size-large\"><img fetchpriority=\"high\" decoding=\"async\" width=\"1024\" height=\"758\" src=\"https:\/\/crp09.org.br\/site\/wp-content\/uploads\/2026\/03\/WhatsApp-Image-2026-03-24-at-20.17.13-1-1024x758.jpeg\" alt=\"\" class=\"wp-image-2200\" srcset=\"https:\/\/crp09.org.br\/site\/wp-content\/uploads\/2026\/03\/WhatsApp-Image-2026-03-24-at-20.17.13-1-1024x758.jpeg 1024w, https:\/\/crp09.org.br\/site\/wp-content\/uploads\/2026\/03\/WhatsApp-Image-2026-03-24-at-20.17.13-1-300x222.jpeg 300w, https:\/\/crp09.org.br\/site\/wp-content\/uploads\/2026\/03\/WhatsApp-Image-2026-03-24-at-20.17.13-1-768x568.jpeg 768w, https:\/\/crp09.org.br\/site\/wp-content\/uploads\/2026\/03\/WhatsApp-Image-2026-03-24-at-20.17.13-1-1536x1137.jpeg 1536w, https:\/\/crp09.org.br\/site\/wp-content\/uploads\/2026\/03\/WhatsApp-Image-2026-03-24-at-20.17.13-1.jpeg 1600w\" sizes=\"(max-width: 1024px) 100vw, 1024px\" \/><\/figure>\n\n\n\n<p>O Conselho Regional de Psicologia da 9\u00aa Regi\u00e3o do Estado de Goi\u00e1s (CRP09), deu mais um passo importante na consolida\u00e7\u00e3o de pautas estrat\u00e9gicas para a categoria ao cumprir agenda institucional na Assembleia Legislativa de Goi\u00e1s (Alego).<\/p>\n\n\n\n<p>A presidente do conselho, J\u00e9ssica Amorim, e o assessor de rela\u00e7\u00f5es pol\u00edticas e institucionais, Murillo Rodrigues, foram recebidos pelo Presidente da Casa, o deputado Bruno Peixoto, em uma reuni\u00e3o que refor\u00e7ou o di\u00e1logo direto entre o CRP09 e a Alego. A iniciativa integra a estrat\u00e9gia da atual gest\u00e3o de ampliar a presen\u00e7a institucional e garantir avan\u00e7os concretos para a Psicologia em Goi\u00e1s.<\/p>\n\n\n\n<p>Durante o encontro, foram apresentadas demandas priorit\u00e1rias da categoria, com destaque para os projetos de lei que tratam da valoriza\u00e7\u00e3o profissional. Entre eles, a proposta de cria\u00e7\u00e3o do piso salarial estadual para psic\u00f3logos e a articula\u00e7\u00e3o pela implementa\u00e7\u00e3o da jornada de 30 horas semanais em n\u00edvel estadual, pautas hist\u00f3ricas que impactam diretamente as condi\u00e7\u00f5es de trabalho da categoria.<\/p>\n\n\n\n<p>Outro ponto relevante discutido foi a inclus\u00e3o de psic\u00f3logos na rede estadual de educa\u00e7\u00e3o, a medida \u00e9 considerada essencial para qualificar as pol\u00edticas p\u00fablicas e garantir maior acesso da popula\u00e7\u00e3o aos servi\u00e7os de Psicologia.<\/p>\n\n\n\n<p>A agenda tamb\u00e9m contemplou reuni\u00e3o na Assessoria T\u00e9cnica da Comiss\u00e3o de Constitui\u00e7\u00e3o e Justi\u00e7a (CCJ), onde foi iniciado um canal institucional direto com o CRP09. A a\u00e7\u00e3o representa um avan\u00e7o estrat\u00e9gico para dar mais agilidade ao acompanhamento de propostas legislativas de interesse da categoria.<\/p>\n\n\n\n<p>Para a presidente, a atua\u00e7\u00e3o institucional \u00e9 fundamental para transformar as demandas da categoria em pol\u00edticas p\u00fablicas efetivas.<\/p>\n\n\n\n<p>&#8220;<em>Nosso compromisso \u00e9 ampliar a presen\u00e7a da Psicologia em Goi\u00e1s com di\u00e1logo, presen\u00e7a pol\u00edtica e constru\u00e7\u00e3o coletiva. Essa aproxima\u00e7\u00e3o com a Assembleia \u00e9 essencial para que pautas hist\u00f3ricas avancem e se tornem realidade para os profissionais e para a popula\u00e7\u00e3o&#8221;<\/em>, destacou J\u00e9ssica Amorim.<\/p>\n\n\n\n<p>A atua\u00e7\u00e3o refor\u00e7a o compromisso da Gest\u00e3o Avan\u00e7ar em promover uma gest\u00e3o ativa, articulada e comprometida com a valoriza\u00e7\u00e3o da Psicologia e com a amplia\u00e7\u00e3o de direitos e espa\u00e7os para a categoria em Goi\u00e1s.<\/p>\n","protected":false},"excerpt":{"rendered":"<p>Gest\u00e3o Avan\u00e7ar fortalece di\u00e1logo na Alego e avan\u00e7a com pautas estrat\u00e9gicas como piso salarial, jornada de 30 horas e inclus\u00e3o de psic\u00f3logos na rede estadual de educa\u00e7\u00e3o. O Conselho Regional de Psicologia da 9\u00aa Regi\u00e3o do Estado de Goi\u00e1s (CRP09), deu mais um passo importante na consolida\u00e7\u00e3o de pautas estrat\u00e9gicas para a categoria ao cumprir [&hellip;]<\/p>\n","protected":false},"author":3,"featured_media":2201,"comment_status":"closed","ping_status":"open","sticky":false,"template":"","format":"standard","meta":{"footnotes":""},"categories":[6],"tags":[],"class_list":["post-2197","post","type-post","status-publish","format-standard","has-post-thumbnail","hentry","category-noticias"],"blocksy_meta":[],"_links":{"self":[{"href":"https:\/\/crp09.org.br\/site\/wp-json\/wp\/v2\/posts\/2197","targetHints":{"allow":["GET"]}}],"collection":[{"href":"https:\/\/crp09.org.br\/site\/wp-json\/wp\/v2\/posts"}],"about":[{"href":"https:\/\/crp09.org.br\/site\/wp-json\/wp\/v2\/types\/post"}],"author":[{"embeddable":true,"href":"https:\/\/crp09.org.br\/site\/wp-json\/wp\/v2\/users\/3"}],"replies":[{"embeddable":true,"href":"https:\/\/crp09.org.br\/site\/wp-json\/wp\/v2\/comments?post=2197"}],"version-history":[{"count":2,"href":"https:\/\/crp09.org.br\/site\/wp-json\/wp\/v2\/posts\/2197\/revisions"}],"predecessor-version":[{"id":2203,"href":"https:\/\/crp09.org.br\/site\/wp-json\/wp\/v2\/posts\/2197\/revisions\/2203"}],"wp:featuredmedia":[{"embeddable":true,"href":"https:\/\/crp09.org.br\/site\/wp-json\/wp\/v2\/media\/2201"}],"wp:attachment":[{"href":"https:\/\/crp09.org.br\/site\/wp-json\/wp\/v2\/media?parent=2197"}],"wp:term":[{"taxonomy":"category","embeddable":true,"href":"https:\/\/crp09.org.br\/site\/wp-json\/wp\/v2\/categories?post=2197"},{"taxonomy":"post_tag","embeddable":true,"href":"https:\/\/crp09.org.br\/site\/wp-json\/wp\/v2\/tags?post=2197"}],"curies":[{"name":"wp","href":"https:\/\/api.w.org\/{rel}","templated":true}]}}