{"id":2206,"date":"2026-03-30T20:51:16","date_gmt":"2026-03-30T23:51:16","guid":{"rendered":"https:\/\/crp09.org.br\/site\/?p=2206"},"modified":"2026-03-30T20:51:16","modified_gmt":"2026-03-30T23:51:16","slug":"hiperconexao-expoe-crise-de-saude-mental-da-nova-geracao-e-reforca-papel-da-familia-na-era-digital","status":"publish","type":"post","link":"https:\/\/crp09.org.br\/site\/hiperconexao-expoe-crise-de-saude-mental-da-nova-geracao-e-reforca-papel-da-familia-na-era-digital\/","title":{"rendered":"Hiperconex\u00e3o exp\u00f5e crise de sa\u00fade mental da nova gera\u00e7\u00e3o e refor\u00e7a papel da fam\u00edlia na era digital"},"content":{"rendered":"\n<p><em>Especialistas alertam para o aumento da solid\u00e3o emocional e destacam o papel da fam\u00edlia e da psicologia na era digital<\/em><\/p>\n\n\n\n<figure class=\"wp-block-image aligncenter size-full\"><img fetchpriority=\"high\" decoding=\"async\" width=\"683\" height=\"512\" src=\"https:\/\/crp09.org.br\/site\/wp-content\/uploads\/2026\/03\/GettyImages-1152351106.jpg\" alt=\"\" class=\"wp-image-2207\" srcset=\"https:\/\/crp09.org.br\/site\/wp-content\/uploads\/2026\/03\/GettyImages-1152351106.jpg 683w, https:\/\/crp09.org.br\/site\/wp-content\/uploads\/2026\/03\/GettyImages-1152351106-300x225.jpg 300w\" sizes=\"(max-width: 683px) 100vw, 683px\" \/><\/figure>\n\n\n\n<p>\u201cNunca estivemos t\u00e3o conectados e t\u00e3o sozinhos. A intera\u00e7\u00e3o digital n\u00e3o substitui os v\u00ednculos reais. Sem rela\u00e7\u00f5es afetivas consistentes, h\u00e1 um aumento de sentimentos de vazio, isolamento e at\u00e9 depress\u00e3o\u201d, destaca a presidente do Conselho Regional de Psicologia de Goi\u00e1s (CRP09), J\u00e9ssica Amorim.<\/p>\n\n\n\n<p>Em um cen\u00e1rio dominado por redes sociais, mensagens instant\u00e2neas e intera\u00e7\u00e3o constante, o fen\u00f4meno da solid\u00e3o na era da hiperconex\u00e3o tem preocupado psic\u00f3logos e ganhado espa\u00e7o no debate p\u00fablico sobre sa\u00fade mental. Nunca foi t\u00e3o f\u00e1cil se comunicar, mas cresce o n\u00famero de pessoas que se sentem emocionalmente isoladas, inclusive crian\u00e7as e adolescentes.<\/p>\n\n\n\n<p>Para J\u00e9ssica, a sensa\u00e7\u00e3o de solid\u00e3o n\u00e3o est\u00e1 relacionada \u00e0 quantidade de contatos, mas \u00e0 qualidade das rela\u00e7\u00f5es constru\u00eddas. A presen\u00e7a digital, segundo ela, n\u00e3o substitui os v\u00ednculos reais, fundamentais para o desenvolvimento emocional saud\u00e1vel.<\/p>\n\n\n\n<p>A constru\u00e7\u00e3o da identidade e da autoestima, especialmente entre os jovens, passa a ser influenciada por curtidas, seguidores e padr\u00f5es irreais, o que pode intensificar sentimentos de inadequa\u00e7\u00e3o, ansiedade e rejei\u00e7\u00e3o desde cedo.<\/p>\n\n\n\n<p>Diante desse cen\u00e1rio, projetos como o ECA Digital surgem como resposta \u00e0 necessidade de ampliar a prote\u00e7\u00e3o de crian\u00e7as e adolescentes tamb\u00e9m no ambiente online. A proposta foi pensada para garantir acesso \u00e0 informa\u00e7\u00e3o, orienta\u00e7\u00e3o e canais de apoio, acompanhando a realidade digital das novas gera\u00e7\u00f5es. No entanto, especialistas alertam que a tecnologia, por si s\u00f3, n\u00e3o \u00e9 suficiente.<\/p>\n\n\n\n<p>\u201cO ECA Digital \u00e9 um avan\u00e7o importante, mas ele n\u00e3o substitui o papel dos respons\u00e1veis. A prote\u00e7\u00e3o emocional come\u00e7a dentro de casa, com presen\u00e7a, di\u00e1logo e acompanhamento do uso da tecnologia\u201d, ressalta J\u00e9ssica.<\/p>\n\n\n\n<p>A hiperconex\u00e3o tamb\u00e9m tem alterado a forma como as emo\u00e7\u00f5es s\u00e3o vivenciadas. Em vez de elaborar sentimentos, muitas pessoas recorrem \u00e0 distra\u00e7\u00e3o constante das telas, o que pode dificultar o desenvolvimento emocional e agravar quadros de sofrimento ps\u00edquico.<\/p>\n\n\n\n<p>Nesse contexto, o papel do psic\u00f3logo se torna ainda mais estrat\u00e9gico, tanto na preven\u00e7\u00e3o quanto no cuidado. A escuta profissional permite identificar sinais precoces de solid\u00e3o emocional, orientar fam\u00edlias e fortalecer v\u00ednculos mais saud\u00e1veis.<\/p>\n\n\n\n<p>Com forte impacto social e identifica\u00e7\u00e3o imediata com a realidade da popula\u00e7\u00e3o, a solid\u00e3o na era da hiperconex\u00e3o se consolida como uma pauta urgente no Brasil e abre espa\u00e7o para discuss\u00f5es mais amplas sobre sa\u00fade mental, tecnologia e responsabilidade coletiva.<\/p>\n","protected":false},"excerpt":{"rendered":"<p>Especialistas alertam para o aumento da solid\u00e3o emocional e destacam o papel da fam\u00edlia e da psicologia na era digital \u201cNunca estivemos t\u00e3o conectados e t\u00e3o sozinhos. A intera\u00e7\u00e3o digital n\u00e3o substitui os v\u00ednculos reais. Sem rela\u00e7\u00f5es afetivas consistentes, h\u00e1 um aumento de sentimentos de vazio, isolamento e at\u00e9 depress\u00e3o\u201d, destaca a presidente do Conselho [&hellip;]<\/p>\n","protected":false},"author":3,"featured_media":2208,"comment_status":"closed","ping_status":"open","sticky":false,"template":"","format":"standard","meta":{"footnotes":""},"categories":[6],"tags":[],"class_list":["post-2206","post","type-post","status-publish","format-standard","has-post-thumbnail","hentry","category-noticias"],"blocksy_meta":[],"_links":{"self":[{"href":"https:\/\/crp09.org.br\/site\/wp-json\/wp\/v2\/posts\/2206","targetHints":{"allow":["GET"]}}],"collection":[{"href":"https:\/\/crp09.org.br\/site\/wp-json\/wp\/v2\/posts"}],"about":[{"href":"https:\/\/crp09.org.br\/site\/wp-json\/wp\/v2\/types\/post"}],"author":[{"embeddable":true,"href":"https:\/\/crp09.org.br\/site\/wp-json\/wp\/v2\/users\/3"}],"replies":[{"embeddable":true,"href":"https:\/\/crp09.org.br\/site\/wp-json\/wp\/v2\/comments?post=2206"}],"version-history":[{"count":1,"href":"https:\/\/crp09.org.br\/site\/wp-json\/wp\/v2\/posts\/2206\/revisions"}],"predecessor-version":[{"id":2209,"href":"https:\/\/crp09.org.br\/site\/wp-json\/wp\/v2\/posts\/2206\/revisions\/2209"}],"wp:featuredmedia":[{"embeddable":true,"href":"https:\/\/crp09.org.br\/site\/wp-json\/wp\/v2\/media\/2208"}],"wp:attachment":[{"href":"https:\/\/crp09.org.br\/site\/wp-json\/wp\/v2\/media?parent=2206"}],"wp:term":[{"taxonomy":"category","embeddable":true,"href":"https:\/\/crp09.org.br\/site\/wp-json\/wp\/v2\/categories?post=2206"},{"taxonomy":"post_tag","embeddable":true,"href":"https:\/\/crp09.org.br\/site\/wp-json\/wp\/v2\/tags?post=2206"}],"curies":[{"name":"wp","href":"https:\/\/api.w.org\/{rel}","templated":true}]}}