{"id":2210,"date":"2026-04-01T17:42:28","date_gmt":"2026-04-01T20:42:28","guid":{"rendered":"https:\/\/crp09.org.br\/site\/?p=2210"},"modified":"2026-04-01T17:42:28","modified_gmt":"2026-04-01T20:42:28","slug":"crp09-dialoga-com-escola-militar-em-caldas-novas-e-destaca-importancia-da-psicologia-no-ambiente-educacional","status":"publish","type":"post","link":"https:\/\/crp09.org.br\/site\/crp09-dialoga-com-escola-militar-em-caldas-novas-e-destaca-importancia-da-psicologia-no-ambiente-educacional\/","title":{"rendered":"CRP09 di\u00e1loga com escola militar em Caldas Novas e destaca import\u00e2ncia da Psicologia no ambiente educacional"},"content":{"rendered":"\n<p><em>Encontro em Caldas Novas aborda Inclus\u00e3o, sa\u00fade mental e forma\u00e7\u00e3o pr\u00e1tica em Psicologia.<\/em><\/p>\n\n\n\n<figure class=\"wp-block-image aligncenter size-large\"><img fetchpriority=\"high\" decoding=\"async\" width=\"591\" height=\"394\" src=\"https:\/\/crp09.org.br\/site\/wp-content\/uploads\/2026\/04\/WhatsApp-Image-2026-04-01-at-14.37.47-edited.jpeg\" alt=\"\" class=\"wp-image-2212\" srcset=\"https:\/\/crp09.org.br\/site\/wp-content\/uploads\/2026\/04\/WhatsApp-Image-2026-04-01-at-14.37.47-edited.jpeg 591w, https:\/\/crp09.org.br\/site\/wp-content\/uploads\/2026\/04\/WhatsApp-Image-2026-04-01-at-14.37.47-edited-300x200.jpeg 300w\" sizes=\"(max-width: 591px) 100vw, 591px\" \/><\/figure>\n\n\n\n<p>O Conselho Regional de Psicologia da 9\u00aa Regi\u00e3o, CRP09, foi recebido no Col\u00e9gio Estadual da Pol\u00edcia Militar de Goi\u00e1s de Caldas Novas, Nivo das Neves, em um encontro que refor\u00e7ou a aproxima\u00e7\u00e3o entre a Psicologia e a educa\u00e7\u00e3o no estado.<\/p>\n\n\n\n<p>A visita contou com a presen\u00e7a de representantes do Conselho, entre eles a presidente J\u00e9ssica Amorim, o assessor institucional Murilo Rodrigues e a analista de Fiscaliza\u00e7\u00e3o e Orienta\u00e7\u00e3o Fl\u00e1via \u00c1vila. A comitiva foi acolhida pelo diretor da unidade, tenente-coronel Rosendo, que apresentou a estrutura do col\u00e9gio e o modelo pedag\u00f3gico adotado pela corpora\u00e7\u00e3o.<\/p>\n\n\n\n<p>Durante a reuni\u00e3o, foram debatidas quest\u00f5es relacionadas \u00e0 sa\u00fade mental no ambiente escolar, \u00e0 import\u00e2ncia do acompanhamento psicol\u00f3gico e \u00e0s estrat\u00e9gias para avan\u00e7ar a atua\u00e7\u00e3o da Psicologia nas institui\u00e7\u00f5es de ensino.<\/p>\n\n\n\n<p>O diretor destacou a relev\u00e2ncia do trabalho dos profissionais da \u00e1rea dentro das escolas e manifestou apoio \u00e0 inclus\u00e3o de psic\u00f3logos no contexto educacional. A pauta ganha ainda mais relev\u00e2ncia com a abertura de campo de est\u00e1gio em Psicologia Educacional na unidade, voltado a uma institui\u00e7\u00e3o de ensino superior da regi\u00e3o, ampliando a integra\u00e7\u00e3o entre forma\u00e7\u00e3o acad\u00eamica e pr\u00e1tica.<\/p>\n\n\n\n<p>Para a presidente do CRP09, a aproxima\u00e7\u00e3o com as escolas \u00e9 um passo fundamental para ampliar o alcance da Psicologia na sociedade, principalmente come\u00e7ando t\u00e3o cedo.<\/p>\n\n\n\n<p>\u201cA presen\u00e7a do CRP09 dentro das escolas permite compreender de forma mais direta as demandas reais da comunidade escolar. Essa aproxima\u00e7\u00e3o traz o di\u00e1logo institucional e contribui para a constru\u00e7\u00e3o de estrat\u00e9gias mais eficazes de cuidado com a sa\u00fade mental de estudantes e profissionais da educa\u00e7\u00e3o\u201d, afirmou J\u00e9ssica Amorim.<\/p>\n\n\n\n<p>O CRP09 refor\u00e7a que seguir\u00e1 atuando de forma estrat\u00e9gica para promover a inser\u00e7\u00e3o da Psicologia em espa\u00e7os essenciais, contribuindo para avan\u00e7ar na constru\u00e7\u00e3o de uma educa\u00e7\u00e3o mais inclusiva, humanizada e alinhada \u00e0s necessidades da popula\u00e7\u00e3o, com foco no desenvolvimento integral e na melhoria do futuro dos jovens.<\/p>\n\n\n\n<p><\/p>\n","protected":false},"excerpt":{"rendered":"<p>Encontro em Caldas Novas aborda Inclus\u00e3o, sa\u00fade mental e forma\u00e7\u00e3o pr\u00e1tica em Psicologia. O Conselho Regional de Psicologia da 9\u00aa Regi\u00e3o, CRP09, foi recebido no Col\u00e9gio Estadual da Pol\u00edcia Militar de Goi\u00e1s de Caldas Novas, Nivo das Neves, em um encontro que refor\u00e7ou a aproxima\u00e7\u00e3o entre a Psicologia e a educa\u00e7\u00e3o no estado. A visita [&hellip;]<\/p>\n","protected":false},"author":3,"featured_media":2212,"comment_status":"closed","ping_status":"open","sticky":false,"template":"","format":"standard","meta":{"footnotes":""},"categories":[6],"tags":[],"class_list":["post-2210","post","type-post","status-publish","format-standard","has-post-thumbnail","hentry","category-noticias"],"blocksy_meta":[],"_links":{"self":[{"href":"https:\/\/crp09.org.br\/site\/wp-json\/wp\/v2\/posts\/2210","targetHints":{"allow":["GET"]}}],"collection":[{"href":"https:\/\/crp09.org.br\/site\/wp-json\/wp\/v2\/posts"}],"about":[{"href":"https:\/\/crp09.org.br\/site\/wp-json\/wp\/v2\/types\/post"}],"author":[{"embeddable":true,"href":"https:\/\/crp09.org.br\/site\/wp-json\/wp\/v2\/users\/3"}],"replies":[{"embeddable":true,"href":"https:\/\/crp09.org.br\/site\/wp-json\/wp\/v2\/comments?post=2210"}],"version-history":[{"count":1,"href":"https:\/\/crp09.org.br\/site\/wp-json\/wp\/v2\/posts\/2210\/revisions"}],"predecessor-version":[{"id":2213,"href":"https:\/\/crp09.org.br\/site\/wp-json\/wp\/v2\/posts\/2210\/revisions\/2213"}],"wp:featuredmedia":[{"embeddable":true,"href":"https:\/\/crp09.org.br\/site\/wp-json\/wp\/v2\/media\/2212"}],"wp:attachment":[{"href":"https:\/\/crp09.org.br\/site\/wp-json\/wp\/v2\/media?parent=2210"}],"wp:term":[{"taxonomy":"category","embeddable":true,"href":"https:\/\/crp09.org.br\/site\/wp-json\/wp\/v2\/categories?post=2210"},{"taxonomy":"post_tag","embeddable":true,"href":"https:\/\/crp09.org.br\/site\/wp-json\/wp\/v2\/tags?post=2210"}],"curies":[{"name":"wp","href":"https:\/\/api.w.org\/{rel}","templated":true}]}}