{"id":2215,"date":"2026-04-01T19:36:59","date_gmt":"2026-04-01T22:36:59","guid":{"rendered":"https:\/\/crp09.org.br\/site\/?p=2215"},"modified":"2026-04-01T19:36:59","modified_gmt":"2026-04-01T22:36:59","slug":"crp09-mobiliza-psicologos-de-goias-para-brasilia-em-defesa-da-seguranca-no-transito-e-dos-direitos-da-categoria","status":"publish","type":"post","link":"https:\/\/crp09.org.br\/site\/crp09-mobiliza-psicologos-de-goias-para-brasilia-em-defesa-da-seguranca-no-transito-e-dos-direitos-da-categoria\/","title":{"rendered":"CRP09 mobiliza psic\u00f3logos de Goi\u00e1s para Bras\u00edlia em defesa da seguran\u00e7a no tr\u00e2nsito e dos direitos da categoria"},"content":{"rendered":"\n<p><em>Flexibiliza\u00e7\u00e3o da avalia\u00e7\u00e3o psicol\u00f3gica preocupa especialistas e acende alerta para a seguran\u00e7a no tr\u00e2nsito.<\/em><\/p>\n\n\n\n<figure class=\"wp-block-image size-large\"><img fetchpriority=\"high\" decoding=\"async\" width=\"1024\" height=\"646\" src=\"https:\/\/crp09.org.br\/site\/wp-content\/uploads\/2026\/04\/IMG_0119-1024x646.png\" alt=\"\" class=\"wp-image-2218\" srcset=\"https:\/\/crp09.org.br\/site\/wp-content\/uploads\/2026\/04\/IMG_0119-1024x646.png 1024w, https:\/\/crp09.org.br\/site\/wp-content\/uploads\/2026\/04\/IMG_0119-300x189.png 300w, https:\/\/crp09.org.br\/site\/wp-content\/uploads\/2026\/04\/IMG_0119-768x484.png 768w, https:\/\/crp09.org.br\/site\/wp-content\/uploads\/2026\/04\/IMG_0119-1536x968.png 1536w, https:\/\/crp09.org.br\/site\/wp-content\/uploads\/2026\/04\/IMG_0119-2048x1291.png 2048w\" sizes=\"(max-width: 1024px) 100vw, 1024px\" \/><\/figure>\n\n\n\n<p>O Conselho Regional de Psicologia de Goi\u00e1s (CRP09) estar\u00e1 em Bras\u00edlia no pr\u00f3ximo dia 10 de abril para acompanhar de perto as discuss\u00f5es sobre as mudan\u00e7as no C\u00f3digo de Tr\u00e2nsito Brasileiro. A mobiliza\u00e7\u00e3o re\u00fane representantes da psicologia goiana em um momento considerado decisivo para o futuro da seguran\u00e7a vi\u00e1ria no pa\u00eds.<\/p>\n\n\n\n<p>A iniciativa foi articulada pela presidente do CRP09, Jessica Amorim, que tem liderado a mobiliza\u00e7\u00e3o da categoria. A proposta \u00e9 clara: mostrar for\u00e7a institucional e refor\u00e7ar que decis\u00f5es que impactam diretamente a sociedade n\u00e3o podem ser tomadas sem di\u00e1logo com os profissionais que atuam na linha de frente.<\/p>\n\n\n\n<p>Segundo a presidente, a presen\u00e7a em Bras\u00edlia para audi\u00eancia p\u00fablica \u00e9 estrat\u00e9gica. Para ela, mudan\u00e7as estruturais s\u00f3 acontecem quando h\u00e1 uni\u00e3o e participa\u00e7\u00e3o ativa. \u201c\u00c9 preciso ocupar os espa\u00e7os de decis\u00e3o. Quando a categoria se posiciona de forma conjunta, ela passa a ser ouvida\u201d, defende.<\/p>\n\n\n\n<p>As discuss\u00f5es em andamento no Congresso Nacional t\u00eam gerado forte repercuss\u00e3o em todo o pa\u00eds. Entre os pontos mais pol\u00eamicos est\u00e1 a possibilidade de flexibiliza\u00e7\u00e3o na forma\u00e7\u00e3o de condutores, como a permiss\u00e3o para que aulas pr\u00e1ticas deixem de ser exclusivas de autoescolas. A proposta levanta preocupa\u00e7\u00e3o sobre a qualidade do ensino e os impactos na seguran\u00e7a no tr\u00e2nsito.<\/p>\n\n\n\n<p>Outro tema que acende alerta entre psic\u00f3logos \u00e9 a poss\u00edvel flexibiliza\u00e7\u00e3o ou at\u00e9 dispensa da avalia\u00e7\u00e3o psicol\u00f3gica em processos de renova\u00e7\u00e3o da CNH. Atualmente, esses exames s\u00e3o considerados fundamentais para analisar aspectos como aten\u00e7\u00e3o, comportamento e controle emocional dos motoristas.<\/p>\n\n\n\n<p><em>\u201cQuando se fala em flexibilizar a avalia\u00e7\u00e3o psicol\u00f3gica, estamos falando diretamente de seguran\u00e7a no tr\u00e2nsito. N\u00e3o \u00e9 s\u00f3 uma etapa burocr\u00e1tica, \u00e9 um cuidado com vidas. A psicologia precisa estar presente nessas decis\u00f5es e a categoria precisa estar unida para avan\u00e7ar e ser ouvida,\u201d<\/em> destacou a presidente.<\/p>\n\n\n\n<p>Al\u00e9m disso, o pacote de mudan\u00e7as inclui mais de 270 propostas em an\u00e1lise, como altera\u00e7\u00f5es na prova pr\u00e1tica, amplia\u00e7\u00e3o de exames toxicol\u00f3gicos, uso de tecnologias na fiscaliza\u00e7\u00e3o, mudan\u00e7as no sistema de ped\u00e1gios e at\u00e9 a possibilidade de habilita\u00e7\u00e3o para jovens de 16 anos.<\/p>\n\n\n\n<p>Em meio ao avan\u00e7o das discuss\u00f5es sobre mudan\u00e7as no C\u00f3digo de Tr\u00e2nsito Brasileiro, profissionais da psicologia do tr\u00e2nsito chamam aten\u00e7\u00e3o para os impactos diretos dessas propostas na seguran\u00e7a da popula\u00e7\u00e3o.<\/p>\n\n\n\n<p><em>\u201cA avalia\u00e7\u00e3o psicol\u00f3gica no tr\u00e2nsito n\u00e3o \u00e9 um detalhe, \u00e9 um dos pilares da preven\u00e7\u00e3o de acidentes. Estamos falando de comportamento, tomada de decis\u00e3o e controle emocional. Qualquer flexibiliza\u00e7\u00e3o sem crit\u00e9rios t\u00e9cnicos pode comprometer a seguran\u00e7a de toda a popula\u00e7\u00e3o\u201d<\/em>, destacou a diretora da Comiss\u00e3o de Psicologia do Tr\u00e2nsito do CRP09, Anairam Gamper.<\/p>\n\n\n\n<p>Diante desse cen\u00e1rio, o conselho refor\u00e7a que a participa\u00e7\u00e3o da psicologia \u00e9 indispens\u00e1vel no debate. A ida a Bras\u00edlia tamb\u00e9m busca garantir que os direitos dos profissionais sejam preservados e que decis\u00f5es n\u00e3o resultem na precariza\u00e7\u00e3o da atua\u00e7\u00e3o da categoria.<\/p>\n\n\n\n<p>A expectativa \u00e9 que a presen\u00e7a do conselho amplifique a voz dos psic\u00f3logos de Goi\u00e1s em um debate que ultrapassa a categoria e impacta diretamente toda a sociedade.<br><br><\/p>\n\n\n\n<p><\/p>\n","protected":false},"excerpt":{"rendered":"<p>Flexibiliza\u00e7\u00e3o da avalia\u00e7\u00e3o psicol\u00f3gica preocupa especialistas e acende alerta para a seguran\u00e7a no tr\u00e2nsito. O Conselho Regional de Psicologia de Goi\u00e1s (CRP09) estar\u00e1 em Bras\u00edlia no pr\u00f3ximo dia 10 de abril para acompanhar de perto as discuss\u00f5es sobre as mudan\u00e7as no C\u00f3digo de Tr\u00e2nsito Brasileiro. A mobiliza\u00e7\u00e3o re\u00fane representantes da psicologia goiana em um momento [&hellip;]<\/p>\n","protected":false},"author":3,"featured_media":2218,"comment_status":"closed","ping_status":"open","sticky":false,"template":"","format":"standard","meta":{"footnotes":""},"categories":[6],"tags":[],"class_list":["post-2215","post","type-post","status-publish","format-standard","has-post-thumbnail","hentry","category-noticias"],"blocksy_meta":[],"_links":{"self":[{"href":"https:\/\/crp09.org.br\/site\/wp-json\/wp\/v2\/posts\/2215","targetHints":{"allow":["GET"]}}],"collection":[{"href":"https:\/\/crp09.org.br\/site\/wp-json\/wp\/v2\/posts"}],"about":[{"href":"https:\/\/crp09.org.br\/site\/wp-json\/wp\/v2\/types\/post"}],"author":[{"embeddable":true,"href":"https:\/\/crp09.org.br\/site\/wp-json\/wp\/v2\/users\/3"}],"replies":[{"embeddable":true,"href":"https:\/\/crp09.org.br\/site\/wp-json\/wp\/v2\/comments?post=2215"}],"version-history":[{"count":1,"href":"https:\/\/crp09.org.br\/site\/wp-json\/wp\/v2\/posts\/2215\/revisions"}],"predecessor-version":[{"id":2219,"href":"https:\/\/crp09.org.br\/site\/wp-json\/wp\/v2\/posts\/2215\/revisions\/2219"}],"wp:featuredmedia":[{"embeddable":true,"href":"https:\/\/crp09.org.br\/site\/wp-json\/wp\/v2\/media\/2218"}],"wp:attachment":[{"href":"https:\/\/crp09.org.br\/site\/wp-json\/wp\/v2\/media?parent=2215"}],"wp:term":[{"taxonomy":"category","embeddable":true,"href":"https:\/\/crp09.org.br\/site\/wp-json\/wp\/v2\/categories?post=2215"},{"taxonomy":"post_tag","embeddable":true,"href":"https:\/\/crp09.org.br\/site\/wp-json\/wp\/v2\/tags?post=2215"}],"curies":[{"name":"wp","href":"https:\/\/api.w.org\/{rel}","templated":true}]}}