{"id":2590,"date":"2026-08-05T19:19:56","date_gmt":"2026-08-05T22:19:56","guid":{"rendered":"https:\/\/crp09.org.br\/site\/?p=2590"},"modified":"2026-08-28T19:30:09","modified_gmt":"2026-08-28T22:30:09","slug":"crp09-convoca-psicologas-para-assembleia-geral-ordinaria-com-participacao-presencial-e-online","status":"publish","type":"post","link":"https:\/\/crp09.org.br\/site\/crp09-convoca-psicologas-para-assembleia-geral-ordinaria-com-participacao-presencial-e-online\/","title":{"rendered":"CRP09 convoca psic\u00f3logas para Assembleia Geral Ordin\u00e1ria com participa\u00e7\u00e3o presencial e online"},"content":{"rendered":"\n<p class=\"wp-block-paragraph\"><em>Para a presidente do CRP09, J\u00e9ssica Florinda Amorim, a Assembleia Geral \u00e9 um dos momentos mais importantes para garantir a participa\u00e7\u00e3o da categoria nas decis\u00f5es que definem os rumos do Conselho.&nbsp;<\/em><\/p>\n\n\n\n<figure class=\"wp-block-image size-large\"><img fetchpriority=\"high\" decoding=\"async\" width=\"1024\" height=\"683\" src=\"https:\/\/crp09.org.br\/site\/wp-content\/uploads\/2026\/08\/ChatGPT-Image-5-de-ago.-de-2026-19_18_03-1024x683.png\" alt=\"\" class=\"wp-image-2591\" srcset=\"https:\/\/crp09.org.br\/site\/wp-content\/uploads\/2026\/08\/ChatGPT-Image-5-de-ago.-de-2026-19_18_03-1024x683.png 1024w, https:\/\/crp09.org.br\/site\/wp-content\/uploads\/2026\/08\/ChatGPT-Image-5-de-ago.-de-2026-19_18_03-300x200.png 300w, https:\/\/crp09.org.br\/site\/wp-content\/uploads\/2026\/08\/ChatGPT-Image-5-de-ago.-de-2026-19_18_03-768x512.png 768w, https:\/\/crp09.org.br\/site\/wp-content\/uploads\/2026\/08\/ChatGPT-Image-5-de-ago.-de-2026-19_18_03.png 1536w\" sizes=\"(max-width: 1024px) 100vw, 1024px\" \/><\/figure>\n\n\n\n<p class=\"wp-block-paragraph\">Os psic\u00f3logos de Goi\u00e1s j\u00e1 podem se preparar para participar da Assembleia Geral Ordin\u00e1ria do Conselho Regional de Psicologia da 9\u00aa Regi\u00e3o (CRP09), marcada para o dia <strong>28 de agosto<\/strong>, \u00e0s <strong>18h<\/strong>. Neste ano, o encontro ser\u00e1 realizado em formato h\u00edbrido, permitindo a participa\u00e7\u00e3o presencial e online e ampliando o acesso da categoria \u00e0s decis\u00f5es do Conselho.<\/p>\n\n\n\n<p class=\"wp-block-paragraph\">A Assembleia \u00e9 um dos momentos mais importantes da gest\u00e3o democr\u00e1tica do CRP09. \u00c9 nela que os profissionais t\u00eam a oportunidade de votar e deliberar sobre temas que impactam diretamente a atua\u00e7\u00e3o do Conselho e o exerc\u00edcio da Psicologia no estado.<\/p>\n\n\n\n<p class=\"wp-block-paragraph\">Entre os assuntos que estar\u00e3o em pauta est\u00e3o a defini\u00e7\u00e3o da anuidade de 2027, a fixa\u00e7\u00e3o das taxas e emolumentos para o pr\u00f3ximo exerc\u00edcio, a manuten\u00e7\u00e3o da isen\u00e7\u00e3o da anuidade durante a licen\u00e7a-maternidade e nos casos de ado\u00e7\u00e3o previstos pelo Conselho Federal de Psicologia, al\u00e9m da possibilidade de desconto ou isen\u00e7\u00e3o para profissionais em primeiro registro que atendam aos crit\u00e9rios estabelecidos pelo CFP.<\/p>\n\n\n\n<p class=\"wp-block-paragraph\">Outro tema de destaque ser\u00e1 a delibera\u00e7\u00e3o sobre a destina\u00e7\u00e3o de recursos para a nova sede do CRP09. Al\u00e9m da proposta j\u00e1 aprovada anteriormente, que prev\u00ea a constru\u00e7\u00e3o de um novo pr\u00e9dio no terreno atual, a categoria tamb\u00e9m ir\u00e1 analisar a possibilidade de aquisi\u00e7\u00e3o de um im\u00f3vel pronto, desde que sejam comprovadas sua viabilidade t\u00e9cnica, econ\u00f4mica e administrativa.<\/p>\n\n\n\n<p class=\"wp-block-paragraph\">A inscri\u00e7\u00e3o para participa\u00e7\u00e3o na Assembleia poder\u00e1 ser realizada previamente por meio do site do CRP09 ou presencialmente, no local do evento, antes do in\u00edcio da Assembleia. O direito ao voto ser\u00e1 assegurado exclusivamente \u00e0s(aos) psic\u00f3logas(os) que estiverem com a situa\u00e7\u00e3o financeira regular junto ao Conselho na data da Assembleia, nos termos do edital.<\/p>\n\n\n\n<p class=\"wp-block-paragraph\">Para a presidente do CRP09, J\u00e9ssica Amorim, a Assembleia Geral \u00e9 um dos momentos mais importantes para garantir a participa\u00e7\u00e3o da categoria nas decis\u00f5es que definem os rumos do Conselho.&nbsp;<\/p>\n\n\n\n<p class=\"wp-block-paragraph\"><em>&#8220;A Assembleia Geral \u00e9 um dos principais espa\u00e7os democr\u00e1ticos do Sistema Conselhos. \u00c9 nela que os psic\u00f3logos podem exercer seu direito de voz e voto, contribuindo diretamente para as delibera\u00e7\u00f5es que orientam a atua\u00e7\u00e3o do CRP09. A participa\u00e7\u00e3o da categoria \u00e9 fundamental para avan\u00e7armos na constru\u00e7\u00e3o de um Conselho cada vez mais representativo, transparente e comprometido com as necessidades da profiss\u00e3o. Convidamos todos os profissionais a participarem desse importante momento coletivo&#8221;,<\/em> destacou.&nbsp;<\/p>\n\n\n\n<p class=\"wp-block-paragraph\">A Assembleia ser\u00e1 realizada com transmiss\u00e3o a partir do Audit\u00f3rio Deputado Francisco Gedda, no Pal\u00e1cio Maguito Vilela, em Goi\u00e2nia. A documenta\u00e7\u00e3o que servir\u00e1 de base para as delibera\u00e7\u00f5es ser\u00e1 disponibilizada no site do CRP09 com at\u00e9 48 horas de anteced\u00eancia, garantindo que os profissionais tenham acesso pr\u00e9vio \u00e0s informa\u00e7\u00f5es e possam participar das decis\u00f5es de forma consciente e qualificada.<br><br><strong>Confirme agora clicando aqui:<\/strong> <a href=\"https:\/\/app.cliquevoto.com.br\/e\/assembleia-geral-orcamentaria-76349\">INSCRI\u00c7\u00c3O ASSEMBLEIA<\/a><br><br><strong>Leia e baixe o edital: <\/strong><\/p>\n\n\n\n<div data-wp-interactive=\"core\/file\" class=\"wp-block-file\"><object data-wp-bind--hidden=\"!state.hasPdfPreview\" hidden class=\"wp-block-file__embed\" data=\"https:\/\/crp09.org.br\/site\/wp-content\/uploads\/2026\/08\/EDITAL-DE-CONVOCACAO-ASSEMBLEIA-CRP-09.pdf\" type=\"application\/pdf\" style=\"width:100%;height:600px\" aria-label=\"Incorporado de EDITAL DE CONVOCA\u00c7\u00c3O ASSEMBLEIA CRP-09.\"><\/object><a id=\"wp-block-file--media-a16410c1-1f42-4d60-9e24-38639c0982fc\" href=\"https:\/\/crp09.org.br\/site\/wp-content\/uploads\/2026\/08\/EDITAL-DE-CONVOCACAO-ASSEMBLEIA-CRP-09.pdf\">EDITAL DE CONVOCA\u00c7\u00c3O ASSEMBLEIA CRP-09<\/a><a href=\"https:\/\/crp09.org.br\/site\/wp-content\/uploads\/2026\/08\/EDITAL-DE-CONVOCACAO-ASSEMBLEIA-CRP-09.pdf\" class=\"wp-block-file__button wp-element-button\" download aria-describedby=\"wp-block-file--media-a16410c1-1f42-4d60-9e24-38639c0982fc\">Baixar<\/a><\/div>\n\n\n\n<div data-wp-interactive=\"core\/file\" class=\"wp-block-file\"><object data-wp-bind--hidden=\"!state.hasPdfPreview\" hidden class=\"wp-block-file__embed\" data=\"https:\/\/crp09.org.br\/site\/wp-content\/uploads\/2026\/08\/L12514.pdf\" type=\"application\/pdf\" style=\"width:100%;height:600px\" aria-label=\"Incorporado de L12514.\"><\/object><a id=\"wp-block-file--media-b42cb278-dd82-40c2-9ba1-91befcd4e185\" href=\"https:\/\/crp09.org.br\/site\/wp-content\/uploads\/2026\/08\/L12514.pdf\">L12514<\/a><a href=\"https:\/\/crp09.org.br\/site\/wp-content\/uploads\/2026\/08\/L12514.pdf\" class=\"wp-block-file__button wp-element-button\" download aria-describedby=\"wp-block-file--media-b42cb278-dd82-40c2-9ba1-91befcd4e185\">Baixar<\/a><\/div>\n\n\n\n<div data-wp-interactive=\"core\/file\" class=\"wp-block-file\"><object data-wp-bind--hidden=\"!state.hasPdfPreview\" hidden class=\"wp-block-file__embed\" data=\"https:\/\/crp09.org.br\/site\/wp-content\/uploads\/2026\/08\/Resolucao-Administrativa_Financeira-N\u00b0-5_2026-Leis.org_.pdf\" type=\"application\/pdf\" style=\"width:100%;height:600px\" aria-label=\"Incorporado de Resolu\u00e7\u00e3o Administrativa_Financeira N\u00b0 5_2026 - Leis.org.\"><\/object><a id=\"wp-block-file--media-aba54eea-d4a4-4940-940b-d0f8cdd9a46b\" href=\"https:\/\/crp09.org.br\/site\/wp-content\/uploads\/2026\/08\/Resolucao-Administrativa_Financeira-N\u00b0-5_2026-Leis.org_.pdf\">Resolu\u00e7\u00e3o Administrativa_Financeira N\u00b0 5_2026 &#8211; Leis.org<\/a><a href=\"https:\/\/crp09.org.br\/site\/wp-content\/uploads\/2026\/08\/Resolucao-Administrativa_Financeira-N\u00b0-5_2026-Leis.org_.pdf\" class=\"wp-block-file__button wp-element-button\" download aria-describedby=\"wp-block-file--media-aba54eea-d4a4-4940-940b-d0f8cdd9a46b\">Baixar<\/a><\/div>\n\n\n\n<div data-wp-interactive=\"core\/file\" class=\"wp-block-file\"><object data-wp-bind--hidden=\"!state.hasPdfPreview\" hidden class=\"wp-block-file__embed\" data=\"https:\/\/crp09.org.br\/site\/wp-content\/uploads\/2026\/08\/Resolucao-Administrativa_Financeira-N\u00b0-4_2024-Leis.org_.pdf\" type=\"application\/pdf\" style=\"width:100%;height:370px\" aria-label=\"Incorporado de Resolu\u00e7\u00e3o Administrativa_Financeira N\u00b0 4_2024 - Leis.org.\"><\/object><a id=\"wp-block-file--media-331252cd-2585-4a57-903d-cd4f7ce33363\" href=\"https:\/\/crp09.org.br\/site\/wp-content\/uploads\/2026\/08\/Resolucao-Administrativa_Financeira-N\u00b0-4_2024-Leis.org_.pdf\">Resolu\u00e7\u00e3o Administrativa_Financeira N\u00b0 4_2024 &#8211; Leis.org<\/a><a href=\"https:\/\/crp09.org.br\/site\/wp-content\/uploads\/2026\/08\/Resolucao-Administrativa_Financeira-N\u00b0-4_2024-Leis.org_.pdf\" class=\"wp-block-file__button wp-element-button\" download aria-describedby=\"wp-block-file--media-331252cd-2585-4a57-903d-cd4f7ce33363\">Baixar<\/a><\/div>\n\n\n\n<div data-wp-interactive=\"core\/file\" class=\"wp-block-file\"><object data-wp-bind--hidden=\"!state.hasPdfPreview\" hidden class=\"wp-block-file__embed\" data=\"https:\/\/crp09.org.br\/site\/wp-content\/uploads\/2026\/08\/Resolucao-Administrativa_Financeira-N\u00b0-8_2023-Leis.org_.pdf\" type=\"application\/pdf\" style=\"width:100%;height:600px\" aria-label=\"Incorporado de Resolu\u00e7\u00e3o Administrativa_Financeira N\u00b0 8_2023 - Leis.org.\"><\/object><a id=\"wp-block-file--media-6d20856a-2930-4af8-93d8-b44992f6fbfb\" href=\"https:\/\/crp09.org.br\/site\/wp-content\/uploads\/2026\/08\/Resolucao-Administrativa_Financeira-N\u00b0-8_2023-Leis.org_.pdf\">Resolu\u00e7\u00e3o Administrativa_Financeira N\u00b0 8_2023 &#8211; Leis.org<\/a><a href=\"https:\/\/crp09.org.br\/site\/wp-content\/uploads\/2026\/08\/Resolucao-Administrativa_Financeira-N\u00b0-8_2023-Leis.org_.pdf\" class=\"wp-block-file__button wp-element-button\" download aria-describedby=\"wp-block-file--media-6d20856a-2930-4af8-93d8-b44992f6fbfb\">Baixar<\/a><\/div>\n\n\n\n<div data-wp-interactive=\"core\/file\" class=\"wp-block-file\"><object data-wp-bind--hidden=\"!state.hasPdfPreview\" hidden class=\"wp-block-file__embed\" data=\"https:\/\/crp09.org.br\/site\/wp-content\/uploads\/2026\/08\/Resolucao-do-Exercicio-Profissional-N\u00b0-2_2019-Leis.org_.pdf\" type=\"application\/pdf\" style=\"width:100%;height:600px\" aria-label=\"Incorporado de Resolu\u00e7\u00e3o do Exerc\u00edcio Profissional N\u00b0 2_2019 - Leis.org.\"><\/object><a id=\"wp-block-file--media-b75ec72d-ecf3-41ae-a713-92bf25268c6a\" href=\"https:\/\/crp09.org.br\/site\/wp-content\/uploads\/2026\/08\/Resolucao-do-Exercicio-Profissional-N\u00b0-2_2019-Leis.org_.pdf\">Resolu\u00e7\u00e3o do Exerc\u00edcio Profissional N\u00b0 2_2019 &#8211; Leis.org<\/a><a href=\"https:\/\/crp09.org.br\/site\/wp-content\/uploads\/2026\/08\/Resolucao-do-Exercicio-Profissional-N\u00b0-2_2019-Leis.org_.pdf\" class=\"wp-block-file__button wp-element-button\" download aria-describedby=\"wp-block-file--media-b75ec72d-ecf3-41ae-a713-92bf25268c6a\">Baixar<\/a><\/div>\n\n\n\n<div data-wp-interactive=\"core\/file\" class=\"wp-block-file\"><object data-wp-bind--hidden=\"!state.hasPdfPreview\" hidden class=\"wp-block-file__embed\" data=\"https:\/\/crp09.org.br\/site\/wp-content\/uploads\/2026\/08\/Resolucao-do-Exercicio-Profissional-N\u00b0-10_2021-Leis.org_.pdf\" type=\"application\/pdf\" style=\"width:100%;height:360px\" aria-label=\"Incorporado de Resolu\u00e7\u00e3o do Exerc\u00edcio Profissional N\u00b0 10_2021 - Leis.org.\"><\/object><a id=\"wp-block-file--media-0adca979-47f9-4826-9a95-5ceec1b73da3\" href=\"https:\/\/crp09.org.br\/site\/wp-content\/uploads\/2026\/08\/Resolucao-do-Exercicio-Profissional-N\u00b0-10_2021-Leis.org_.pdf\">Resolu\u00e7\u00e3o do Exerc\u00edcio Profissional N\u00b0 10_2021 &#8211; Leis.org<\/a><a href=\"https:\/\/crp09.org.br\/site\/wp-content\/uploads\/2026\/08\/Resolucao-do-Exercicio-Profissional-N\u00b0-10_2021-Leis.org_.pdf\" class=\"wp-block-file__button wp-element-button\" download aria-describedby=\"wp-block-file--media-0adca979-47f9-4826-9a95-5ceec1b73da3\">Baixar<\/a><\/div>\n\n\n\n<div data-wp-interactive=\"core\/file\" class=\"wp-block-file\"><object data-wp-bind--hidden=\"!state.hasPdfPreview\" hidden class=\"wp-block-file__embed\" data=\"https:\/\/crp09.org.br\/site\/wp-content\/uploads\/2026\/08\/Oficio-do-reajuste-contratual-TGS-Junho_2025-a-maio_2026.pdf\" type=\"application\/pdf\" style=\"width:100%;height:600px\" aria-label=\"Incorporado de Of\u00edcio do reajuste contratual TGS - Junho_2025 a maio_2026.\"><\/object><a id=\"wp-block-file--media-e5034ba5-dd3b-465e-9b70-6238fe07890d\" href=\"https:\/\/crp09.org.br\/site\/wp-content\/uploads\/2026\/08\/Oficio-do-reajuste-contratual-TGS-Junho_2025-a-maio_2026.pdf\">Of\u00edcio do reajuste contratual TGS &#8211; Junho_2025 a maio_2026<\/a><a href=\"https:\/\/crp09.org.br\/site\/wp-content\/uploads\/2026\/08\/Oficio-do-reajuste-contratual-TGS-Junho_2025-a-maio_2026.pdf\" class=\"wp-block-file__button wp-element-button\" download aria-describedby=\"wp-block-file--media-e5034ba5-dd3b-465e-9b70-6238fe07890d\">Baixar<\/a><\/div>\n","protected":false},"excerpt":{"rendered":"<p>Para a presidente do CRP09, J\u00e9ssica Florinda Amorim, a Assembleia Geral \u00e9 um dos momentos mais importantes para garantir a participa\u00e7\u00e3o da categoria nas decis\u00f5es que definem os rumos do Conselho.&nbsp; Os psic\u00f3logos de Goi\u00e1s j\u00e1 podem se preparar para participar da Assembleia Geral Ordin\u00e1ria do Conselho Regional de Psicologia da 9\u00aa Regi\u00e3o (CRP09), marcada [&hellip;]<\/p>\n","protected":false},"author":3,"featured_media":2591,"comment_status":"closed","ping_status":"open","sticky":false,"template":"","format":"standard","meta":{"footnotes":""},"categories":[6],"tags":[68,50,46,16],"class_list":["post-2590","post","type-post","status-publish","format-standard","has-post-thumbnail","hentry","category-noticias","tag-assembelia-crp09","tag-conselho-de-psicologia","tag-conselho-de-psicologia-do-estado-de-goias","tag-crp09"],"blocksy_meta":[],"_links":{"self":[{"href":"https:\/\/crp09.org.br\/site\/wp-json\/wp\/v2\/posts\/2590","targetHints":{"allow":["GET"]}}],"collection":[{"href":"https:\/\/crp09.org.br\/site\/wp-json\/wp\/v2\/posts"}],"about":[{"href":"https:\/\/crp09.org.br\/site\/wp-json\/wp\/v2\/types\/post"}],"author":[{"embeddable":true,"href":"https:\/\/crp09.org.br\/site\/wp-json\/wp\/v2\/users\/3"}],"replies":[{"embeddable":true,"href":"https:\/\/crp09.org.br\/site\/wp-json\/wp\/v2\/comments?post=2590"}],"version-history":[{"count":5,"href":"https:\/\/crp09.org.br\/site\/wp-json\/wp\/v2\/posts\/2590\/revisions"}],"predecessor-version":[{"id":2631,"href":"https:\/\/crp09.org.br\/site\/wp-json\/wp\/v2\/posts\/2590\/revisions\/2631"}],"wp:featuredmedia":[{"embeddable":true,"href":"https:\/\/crp09.org.br\/site\/wp-json\/wp\/v2\/media\/2591"}],"wp:attachment":[{"href":"https:\/\/crp09.org.br\/site\/wp-json\/wp\/v2\/media?parent=2590"}],"wp:term":[{"taxonomy":"category","embeddable":true,"href":"https:\/\/crp09.org.br\/site\/wp-json\/wp\/v2\/categories?post=2590"},{"taxonomy":"post_tag","embeddable":true,"href":"https:\/\/crp09.org.br\/site\/wp-json\/wp\/v2\/tags?post=2590"}],"curies":[{"name":"wp","href":"https:\/\/api.w.org\/{rel}","templated":true}]}}